{"id":140,"count":17,"description":"Els projectors exteriors Lightpro s\u00f3n perfectes per il\u00b7luminar fullatge, arbres i objectes d'inter\u00e8s en jardins, aix\u00ed com en entorns m\u00e9s comercials. El sistema de 12v Lightpro \u00e9s plug and play. Simplement connecteu el cable Lightpro al transformador de Lightpro i connecteu els focus de Lightpro al cable mitjan\u00e7ant el connector de cargol premiat Lightpro.\r\n\r\nEls projectors de Lightpro estan subministrats amb una espiga per a vores i plaques de muntatge per a formig\u00f3. pals de tanca, parets de jard\u00ed i cobertes. El disseny contemporani s'adaptava al m\u00e9s modern dels jardins i terrasses del terrat. De fet qualsevol espai exterior que necessiteu per il\u00b7luminar.","link":"https:\/\/luzjardin.com\/ca\/catalogo\/focus\/","name":"Focus","slug":"focus","taxonomy":"product_cat","parent":0,"meta":[],"yoast_head":"\n<title>Focus - Il\u00b7luminaci\u00f3 Exterior Jard\u00ed<\/title>\n<meta name=\"description\" content=\"\u2605 Focus Il\u00b7luminaci\u00f3 De Exterior - comprar a la botiga en l\u00ednia LuzYardin. Lliurament a Espanya. Garantia oficial. F\u00e0cil instal\u00b7laci\u00f3. \u2605\" \/>\n<meta name=\"robots\" content=\"index, follow, max-snippet:-1, max-image-preview:large, max-video-preview:-1\" \/>\n<link rel=\"canonical\" href=\"https:\/\/luzjardin.com\/ca\/catalogo\/focus\/\" \/>\n<meta property=\"og:locale\" content=\"ca_ES\" \/>\n<meta property=\"og:type\" content=\"article\" \/>\n<meta property=\"og:title\" content=\"Focus - Il\u00b7luminaci\u00f3 Exterior Jard\u00ed\" \/>\n<meta property=\"og:description\" content=\"\u2605 Focus Il\u00b7luminaci\u00f3 De Exterior - comprar a la botiga en l\u00ednia LuzYardin. Lliurament a Espanya. Garantia oficial. F\u00e0cil instal\u00b7laci\u00f3. \u2605\" \/>\n<meta property=\"og:url\" content=\"https:\/\/luzjardin.com\/ca\/catalogo\/focus\/\" \/>\n<meta property=\"og:site_name\" content=\"Il\u00b7luminaci\u00f3 Exterior de Jardins\" \/>\n<meta name=\"twitter:card\" content=\"summary_large_image\" \/>\n<script type=\"application\/ld+json\" class=\"yoast-schema-graph\">{\"@context\":\"https:\/\/schema.org\",\"@graph\":[{\"@type\":\"CollectionPage\",\"@id\":\"https:\/\/luzjardin.com\/ca\/catalogo\/focus\/\",\"url\":\"https:\/\/luzjardin.com\/ca\/catalogo\/focus\/\",\"name\":\"Focus - Il\u00b7luminaci\u00f3 Exterior Jard\u00ed\",\"isPartOf\":{\"@id\":\"https:\/\/luzjardin.com\/#website\"},\"description\":\"\u2605 Focus Il\u00b7luminaci\u00f3 De Exterior - comprar a la botiga en l\u00ednia LuzYardin. Lliurament a Espanya. Garantia oficial. F\u00e0cil instal\u00b7laci\u00f3. \u2605\",\"breadcrumb\":{\"@id\":\"https:\/\/luzjardin.com\/ca\/catalogo\/focus\/#breadcrumb\"},\"inLanguage\":\"ca\"},{\"@type\":\"BreadcrumbList\",\"@id\":\"https:\/\/luzjardin.com\/ca\/catalogo\/focus\/#breadcrumb\",\"itemListElement\":[{\"@type\":\"ListItem\",\"position\":1,\"name\":\"Home\",\"item\":\"https:\/\/luzjardin.com\/ca\/\"},{\"@type\":\"ListItem\",\"position\":2,\"name\":\"Focus\"}]},{\"@type\":\"WebSite\",\"@id\":\"https:\/\/luzjardin.com\/#website\",\"url\":\"https:\/\/luzjardin.com\/\",\"name\":\"Il\u00b7luminaci\u00f3 Exterior de Jardins\",\"description\":\"LightPro Espa\u00f1a\",\"publisher\":{\"@id\":\"https:\/\/luzjardin.com\/#organization\"},\"potentialAction\":[{\"@type\":\"SearchAction\",\"target\":{\"@type\":\"EntryPoint\",\"urlTemplate\":\"https:\/\/luzjardin.com\/?s={search_term_string}\"},\"query-input\":{\"@type\":\"PropertyValueSpecification\",\"valueRequired\":true,\"valueName\":\"search_term_string\"}}],\"inLanguage\":\"ca\"},{\"@type\":\"Organization\",\"@id\":\"https:\/\/luzjardin.com\/#organization\",\"name\":\"LightPro\",\"url\":\"https:\/\/luzjardin.com\/\",\"logo\":{\"@type\":\"ImageObject\",\"inLanguage\":\"ca\",\"@id\":\"https:\/\/luzjardin.com\/#\/schema\/logo\/image\/\",\"url\":\"https:\/\/luzjardin.com\/wp-content\/uploads\/2019\/06\/lightpro-12volt-logo.svg\",\"contentUrl\":\"https:\/\/luzjardin.com\/wp-content\/uploads\/2019\/06\/lightpro-12volt-logo.svg\",\"width\":1,\"height\":1,\"caption\":\"LightPro\"},\"image\":{\"@id\":\"https:\/\/luzjardin.com\/#\/schema\/logo\/image\/\"},\"sameAs\":[\"https:\/\/www.facebook.com\/LuzJardiniluminacion\/\",\"https:\/\/www.instagram.com\/luzjardin\/\",\"https:\/\/www.youtube.com\/channel\/UC6I_ssvnZbWlsJQOvnIOy_g\"]}]}<\/script>\n","yoast_head_json":{"title":"Focus - Il\u00b7luminaci\u00f3 Exterior Jard\u00ed","description":"\u2605 Focus Il\u00b7luminaci\u00f3 De Exterior - comprar a la botiga en l\u00ednia LuzYardin. Lliurament a Espanya. Garantia oficial. F\u00e0cil instal\u00b7laci\u00f3. \u2605","robots":{"index":"index","follow":"follow","max-snippet":"max-snippet:-1","max-image-preview":"max-image-preview:large","max-video-preview":"max-video-preview:-1"},"canonical":"https:\/\/luzjardin.com\/ca\/catalogo\/focus\/","og_locale":"ca_ES","og_type":"article","og_title":"Focus - Il\u00b7luminaci\u00f3 Exterior Jard\u00ed","og_description":"\u2605 Focus Il\u00b7luminaci\u00f3 De Exterior - comprar a la botiga en l\u00ednia LuzYardin. Lliurament a Espanya. Garantia oficial. F\u00e0cil instal\u00b7laci\u00f3. \u2605","og_url":"https:\/\/luzjardin.com\/ca\/catalogo\/focus\/","og_site_name":"Il\u00b7luminaci\u00f3 Exterior de Jardins","twitter_card":"summary_large_image","schema":{"@context":"https:\/\/schema.org","@graph":[{"@type":"CollectionPage","@id":"https:\/\/luzjardin.com\/ca\/catalogo\/focus\/","url":"https:\/\/luzjardin.com\/ca\/catalogo\/focus\/","name":"Focus - Il\u00b7luminaci\u00f3 Exterior Jard\u00ed","isPartOf":{"@id":"https:\/\/luzjardin.com\/#website"},"description":"\u2605 Focus Il\u00b7luminaci\u00f3 De Exterior - comprar a la botiga en l\u00ednia LuzYardin. Lliurament a Espanya. Garantia oficial. F\u00e0cil instal\u00b7laci\u00f3. \u2605","breadcrumb":{"@id":"https:\/\/luzjardin.com\/ca\/catalogo\/focus\/#breadcrumb"},"inLanguage":"ca"},{"@type":"BreadcrumbList","@id":"https:\/\/luzjardin.com\/ca\/catalogo\/focus\/#breadcrumb","itemListElement":[{"@type":"ListItem","position":1,"name":"Home","item":"https:\/\/luzjardin.com\/ca\/"},{"@type":"ListItem","position":2,"name":"Focus"}]},{"@type":"WebSite","@id":"https:\/\/luzjardin.com\/#website","url":"https:\/\/luzjardin.com\/","name":"Il\u00b7luminaci\u00f3 Exterior de Jardins","description":"LightPro Espa\u00f1a","publisher":{"@id":"https:\/\/luzjardin.com\/#organization"},"potentialAction":[{"@type":"SearchAction","target":{"@type":"EntryPoint","urlTemplate":"https:\/\/luzjardin.com\/?s={search_term_string}"},"query-input":{"@type":"PropertyValueSpecification","valueRequired":true,"valueName":"search_term_string"}}],"inLanguage":"ca"},{"@type":"Organization","@id":"https:\/\/luzjardin.com\/#organization","name":"LightPro","url":"https:\/\/luzjardin.com\/","logo":{"@type":"ImageObject","inLanguage":"ca","@id":"https:\/\/luzjardin.com\/#\/schema\/logo\/image\/","url":"https:\/\/luzjardin.com\/wp-content\/uploads\/2019\/06\/lightpro-12volt-logo.svg","contentUrl":"https:\/\/luzjardin.com\/wp-content\/uploads\/2019\/06\/lightpro-12volt-logo.svg","width":1,"height":1,"caption":"LightPro"},"image":{"@id":"https:\/\/luzjardin.com\/#\/schema\/logo\/image\/"},"sameAs":["https:\/\/www.facebook.com\/LuzJardiniluminacion\/","https:\/\/www.instagram.com\/luzjardin\/","https:\/\/www.youtube.com\/channel\/UC6I_ssvnZbWlsJQOvnIOy_g"]}]}},"_links":{"self":[{"href":"https:\/\/luzjardin.com\/ca\/wp-json\/wp\/v2\/product_cat\/140","targetHints":{"allow":["GET"]}}],"collection":[{"href":"https:\/\/luzjardin.com\/ca\/wp-json\/wp\/v2\/product_cat"}],"about":[{"href":"https:\/\/luzjardin.com\/ca\/wp-json\/wp\/v2\/taxonomies\/product_cat"}],"wp:post_type":[{"href":"https:\/\/luzjardin.com\/ca\/wp-json\/wp\/v2\/product?product_cat=140"}],"curies":[{"name":"wp","href":"https:\/\/api.w.org\/{rel}","templated":true}]}}