{"id":143,"count":8,"description":"Els llums de la plataforma Lightpro s\u00f3n incre\u00efblement r\u00e0pids i f\u00e0cils d\u2019instal\u00b7lar. El sistema de 12v Lightpro \u00e9s plug and play. Simplement connecteu el cable Lightpro al transformador Lightpro i connecteu la il\u00b7luminaci\u00f3 de la plataforma LED Lightpro al cable mitjan\u00e7ant el connector de cargol premiat Lightpro.\r\n\r\nLa il\u00b7luminaci\u00f3 de la coberta de Lightpro ofereix l'opci\u00f3 de tres diferents difusos. Les opcions per a les vostres llums de coberta s\u00f3n opal, estelat i clar. Tots els llums del cobert de la gamma Lightpro s\u00f3n IP67 que els proporciona protecci\u00f3 contra l\u2019entrada de pols i aigua.","link":"https:\/\/luzjardin.com\/ca\/catalogo\/focus-encastats\/","name":"Focus Encastats","slug":"focus-encastats","taxonomy":"product_cat","parent":0,"meta":[],"yoast_head":"\n<title>Focus Encastats - Il\u00b7luminaci\u00f3 Exterior Jard\u00ed<\/title>\n<meta name=\"description\" content=\"\u2605 Luces de coberta exteriors - comprar a la botiga en l\u00ednia de LuzYardin. Lliurament a Espanya Garantia oficial. F\u00e0cil instal\u00b7laci\u00f3. \u2605\" \/>\n<meta name=\"robots\" content=\"index, follow, max-snippet:-1, max-image-preview:large, max-video-preview:-1\" \/>\n<link rel=\"canonical\" href=\"https:\/\/luzjardin.com\/ca\/catalogo\/focus-encastats\/\" \/>\n<meta property=\"og:locale\" content=\"ca_ES\" \/>\n<meta property=\"og:type\" content=\"article\" \/>\n<meta property=\"og:title\" content=\"Focus Encastats - Il\u00b7luminaci\u00f3 Exterior Jard\u00ed\" \/>\n<meta property=\"og:description\" content=\"\u2605 Luces de coberta exteriors - comprar a la botiga en l\u00ednia de LuzYardin. Lliurament a Espanya Garantia oficial. F\u00e0cil instal\u00b7laci\u00f3. \u2605\" \/>\n<meta property=\"og:url\" content=\"https:\/\/luzjardin.com\/ca\/catalogo\/focus-encastats\/\" \/>\n<meta property=\"og:site_name\" content=\"Il\u00b7luminaci\u00f3 Exterior de Jardins\" \/>\n<meta name=\"twitter:card\" content=\"summary_large_image\" \/>\n<script type=\"application\/ld+json\" class=\"yoast-schema-graph\">{\"@context\":\"https:\/\/schema.org\",\"@graph\":[{\"@type\":\"CollectionPage\",\"@id\":\"https:\/\/luzjardin.com\/ca\/catalogo\/focus-encastats\/\",\"url\":\"https:\/\/luzjardin.com\/ca\/catalogo\/focus-encastats\/\",\"name\":\"Focus Encastats - Il\u00b7luminaci\u00f3 Exterior Jard\u00ed\",\"isPartOf\":{\"@id\":\"https:\/\/luzjardin.com\/#website\"},\"description\":\"\u2605 Luces de coberta exteriors - comprar a la botiga en l\u00ednia de LuzYardin. Lliurament a Espanya Garantia oficial. F\u00e0cil instal\u00b7laci\u00f3. \u2605\",\"breadcrumb\":{\"@id\":\"https:\/\/luzjardin.com\/ca\/catalogo\/focus-encastats\/#breadcrumb\"},\"inLanguage\":\"ca\"},{\"@type\":\"BreadcrumbList\",\"@id\":\"https:\/\/luzjardin.com\/ca\/catalogo\/focus-encastats\/#breadcrumb\",\"itemListElement\":[{\"@type\":\"ListItem\",\"position\":1,\"name\":\"Home\",\"item\":\"https:\/\/luzjardin.com\/ca\/\"},{\"@type\":\"ListItem\",\"position\":2,\"name\":\"Focus Encastats\"}]},{\"@type\":\"WebSite\",\"@id\":\"https:\/\/luzjardin.com\/#website\",\"url\":\"https:\/\/luzjardin.com\/\",\"name\":\"Il\u00b7luminaci\u00f3 Exterior de Jardins\",\"description\":\"LightPro Espa\u00f1a\",\"publisher\":{\"@id\":\"https:\/\/luzjardin.com\/#organization\"},\"potentialAction\":[{\"@type\":\"SearchAction\",\"target\":{\"@type\":\"EntryPoint\",\"urlTemplate\":\"https:\/\/luzjardin.com\/?s={search_term_string}\"},\"query-input\":{\"@type\":\"PropertyValueSpecification\",\"valueRequired\":true,\"valueName\":\"search_term_string\"}}],\"inLanguage\":\"ca\"},{\"@type\":\"Organization\",\"@id\":\"https:\/\/luzjardin.com\/#organization\",\"name\":\"LightPro\",\"url\":\"https:\/\/luzjardin.com\/\",\"logo\":{\"@type\":\"ImageObject\",\"inLanguage\":\"ca\",\"@id\":\"https:\/\/luzjardin.com\/#\/schema\/logo\/image\/\",\"url\":\"https:\/\/luzjardin.com\/wp-content\/uploads\/2019\/06\/lightpro-12volt-logo.svg\",\"contentUrl\":\"https:\/\/luzjardin.com\/wp-content\/uploads\/2019\/06\/lightpro-12volt-logo.svg\",\"width\":1,\"height\":1,\"caption\":\"LightPro\"},\"image\":{\"@id\":\"https:\/\/luzjardin.com\/#\/schema\/logo\/image\/\"},\"sameAs\":[\"https:\/\/www.facebook.com\/LuzJardiniluminacion\/\",\"https:\/\/www.instagram.com\/luzjardin\/\",\"https:\/\/www.youtube.com\/channel\/UC6I_ssvnZbWlsJQOvnIOy_g\"]}]}<\/script>\n","yoast_head_json":{"title":"Focus Encastats - Il\u00b7luminaci\u00f3 Exterior Jard\u00ed","description":"\u2605 Luces de coberta exteriors - comprar a la botiga en l\u00ednia de LuzYardin. Lliurament a Espanya Garantia oficial. F\u00e0cil instal\u00b7laci\u00f3. \u2605","robots":{"index":"index","follow":"follow","max-snippet":"max-snippet:-1","max-image-preview":"max-image-preview:large","max-video-preview":"max-video-preview:-1"},"canonical":"https:\/\/luzjardin.com\/ca\/catalogo\/focus-encastats\/","og_locale":"ca_ES","og_type":"article","og_title":"Focus Encastats - Il\u00b7luminaci\u00f3 Exterior Jard\u00ed","og_description":"\u2605 Luces de coberta exteriors - comprar a la botiga en l\u00ednia de LuzYardin. Lliurament a Espanya Garantia oficial. F\u00e0cil instal\u00b7laci\u00f3. \u2605","og_url":"https:\/\/luzjardin.com\/ca\/catalogo\/focus-encastats\/","og_site_name":"Il\u00b7luminaci\u00f3 Exterior de Jardins","twitter_card":"summary_large_image","schema":{"@context":"https:\/\/schema.org","@graph":[{"@type":"CollectionPage","@id":"https:\/\/luzjardin.com\/ca\/catalogo\/focus-encastats\/","url":"https:\/\/luzjardin.com\/ca\/catalogo\/focus-encastats\/","name":"Focus Encastats - Il\u00b7luminaci\u00f3 Exterior Jard\u00ed","isPartOf":{"@id":"https:\/\/luzjardin.com\/#website"},"description":"\u2605 Luces de coberta exteriors - comprar a la botiga en l\u00ednia de LuzYardin. Lliurament a Espanya Garantia oficial. F\u00e0cil instal\u00b7laci\u00f3. \u2605","breadcrumb":{"@id":"https:\/\/luzjardin.com\/ca\/catalogo\/focus-encastats\/#breadcrumb"},"inLanguage":"ca"},{"@type":"BreadcrumbList","@id":"https:\/\/luzjardin.com\/ca\/catalogo\/focus-encastats\/#breadcrumb","itemListElement":[{"@type":"ListItem","position":1,"name":"Home","item":"https:\/\/luzjardin.com\/ca\/"},{"@type":"ListItem","position":2,"name":"Focus Encastats"}]},{"@type":"WebSite","@id":"https:\/\/luzjardin.com\/#website","url":"https:\/\/luzjardin.com\/","name":"Il\u00b7luminaci\u00f3 Exterior de Jardins","description":"LightPro Espa\u00f1a","publisher":{"@id":"https:\/\/luzjardin.com\/#organization"},"potentialAction":[{"@type":"SearchAction","target":{"@type":"EntryPoint","urlTemplate":"https:\/\/luzjardin.com\/?s={search_term_string}"},"query-input":{"@type":"PropertyValueSpecification","valueRequired":true,"valueName":"search_term_string"}}],"inLanguage":"ca"},{"@type":"Organization","@id":"https:\/\/luzjardin.com\/#organization","name":"LightPro","url":"https:\/\/luzjardin.com\/","logo":{"@type":"ImageObject","inLanguage":"ca","@id":"https:\/\/luzjardin.com\/#\/schema\/logo\/image\/","url":"https:\/\/luzjardin.com\/wp-content\/uploads\/2019\/06\/lightpro-12volt-logo.svg","contentUrl":"https:\/\/luzjardin.com\/wp-content\/uploads\/2019\/06\/lightpro-12volt-logo.svg","width":1,"height":1,"caption":"LightPro"},"image":{"@id":"https:\/\/luzjardin.com\/#\/schema\/logo\/image\/"},"sameAs":["https:\/\/www.facebook.com\/LuzJardiniluminacion\/","https:\/\/www.instagram.com\/luzjardin\/","https:\/\/www.youtube.com\/channel\/UC6I_ssvnZbWlsJQOvnIOy_g"]}]}},"_links":{"self":[{"href":"https:\/\/luzjardin.com\/ca\/wp-json\/wp\/v2\/product_cat\/143","targetHints":{"allow":["GET"]}}],"collection":[{"href":"https:\/\/luzjardin.com\/ca\/wp-json\/wp\/v2\/product_cat"}],"about":[{"href":"https:\/\/luzjardin.com\/ca\/wp-json\/wp\/v2\/taxonomies\/product_cat"}],"wp:post_type":[{"href":"https:\/\/luzjardin.com\/ca\/wp-json\/wp\/v2\/product?product_cat=143"}],"curies":[{"name":"wp","href":"https:\/\/api.w.org\/{rel}","templated":true}]}}